{"id":5278,"date":"2024-07-12T07:16:10","date_gmt":"2024-07-12T07:16:10","guid":{"rendered":"https:\/\/bloc4.coop\/la-asociacion-bloc-4-abre-un-proceso-de-seleccion-para-la-contratacion-de-una-persona-tecnica-de-comunicacion-para-bloc4bcn-espacio-cooperativo\/"},"modified":"2025-05-30T15:03:31","modified_gmt":"2025-05-30T15:03:31","slug":"la-asociacion-bloc-4-abre-un-proceso-de-seleccion-para-la-contratacion-de-una-persona-tecnica-de-comunicacion-para-bloc4bcn-espacio-cooperativo","status":"publish","type":"post","link":"https:\/\/bloc4.coop\/es\/la-asociacion-bloc-4-abre-un-proceso-de-seleccion-para-la-contratacion-de-una-persona-tecnica-de-comunicacion-para-bloc4bcn-espacio-cooperativo\/","title":{"rendered":"La Asociaci\u00f3n Bloc 4 abre un proceso de selecci\u00f3n para la contrataci\u00f3n de una persona t\u00e9cnica de comunicaci\u00f3n para Bloc4BCN \u2013 Espacio Cooperativo"},"content":{"rendered":"\n<p>La Asociaci\u00f3n Bloc 4 abre una nueva convocatoria para cubrir el puesto de T\u00e9cnico\/a de Comunicaci\u00f3n. El objetivo es asegurar el cumplimiento del Plan de Comunicaci\u00f3n ya aprobado, asegurar la calidad en la imagen y el rigor en los contenidos. Desempe\u00f1ar\u00e1 sus funciones en dependencia de la Coordinaci\u00f3n de Bloc4BCN.<br\/><\/p>\n\n<p>La Asociaci\u00f3n Bloc 4 es una entidad participada por la Confederaci\u00f3n de Cooperativas de Catalu\u00f1a, la Federaci\u00f3n de Cooperativas de Trabajo de Catalu\u00f1a y la Asociaci\u00f3n Co\u00f2polis &#8211; Ateneo Cooperativo. Su tarea principal es gestionar y liderar el proyecto Bloc4BCN &#8211; Espacio Cooperativo, uno de los mayores polos cooperativos de Europa. El prop\u00f3sito del proyecto es contribuir al desarrollo y la transformaci\u00f3n socioecon\u00f3mica de la ciudad de Barcelona y de todo el territorio catal\u00e1n a trav\u00e9s de la sensibilizaci\u00f3n y promoci\u00f3n del cooperativismo, la incubaci\u00f3n y aceleraci\u00f3n de cooperativas, potenciando la intercooperaci\u00f3n, la conexi\u00f3n local e internacional y la alianza con otros agentes culturales, educativos y empresariales.<\/p>\n\n<p><strong>Funciones:<\/strong><br\/>\u27a4 Seguimiento, implementaci\u00f3n y mejora de la estrategia comunicativa del proyecto.<br\/>\u27a4 Coordinaci\u00f3n y redacci\u00f3n de contenidos web mediante t\u00e9cnicas SEO.<br\/>\u27a4 Elaboraci\u00f3n de boletines y env\u00edos electr\u00f3nicos espec\u00edficos.<br\/>\u27a4 Creaci\u00f3n de contenidos, gesti\u00f3n y dinamizaci\u00f3n de redes sociales (LinkedIn, IG, X).<br\/>\u27a4 Dise\u00f1o y redacci\u00f3n de materiales de comunicaci\u00f3n interna y externa.<br\/>\u27a4 Producci\u00f3n de materiales gr\u00e1ficos y edici\u00f3n de material audiovisual.<br\/>\u27a4 Relaci\u00f3n con los medios de comunicaci\u00f3n y trabajo en red con otras entidades.<\/p>\n\n<p><strong>Requisitos y competencias necesarias:<\/strong><br\/>\u27a4 Estudios superiores en Periodismo, Publicidad y Relaciones P\u00fablicas, Comunicaci\u00f3n Corporativa o estudios relacionados con el \u00e1mbito.<br\/>\u27a4 Experiencia m\u00ednima de dos a\u00f1os desarrollando funciones similares.<\/p>\n\n<p>\u27a4 Catal\u00e1n nivel C o equivalente.<br\/>\u27a4 Capacidad de an\u00e1lisis, s\u00edntesis y gesti\u00f3n de la informaci\u00f3n.<br\/>\u27a4 Alto nivel de redacci\u00f3n de contenidos.<br\/>\u27a4 Conocimiento de herramientas de dise\u00f1o gr\u00e1fico y producci\u00f3n audiovisual.<br\/>\u27a4 Capacidad de organizaci\u00f3n aut\u00f3noma.<br\/>\u27a4 Capacidad de trabajo en equipo y habilidades de comunicaci\u00f3n.<br\/>\u27a4 Capacidad de s\u00edntesis, an\u00e1lisis e interpretaci\u00f3n de contenidos.<br\/>\u27a4 Dominio oral y escrito en ingl\u00e9s y castellano.<br\/>\u27a4 Dominio de nivel medio de las siguientes herramientas: Mailchimp, Adobe Creative Suite (Photoshop, InDesign), Canva, CapCut, Analytics, paquete office, WordPress (Elementor).<br\/><\/p>\n\n<p><strong>Valoraremos:<\/strong><br\/>\u27a4 Formaci\u00f3n espec\u00edfica en el dise\u00f1o e implementaci\u00f3n de planes de comunicaci\u00f3n corporativa y\/o marketing.<br\/>\u27a4 Vinculaci\u00f3n con el cooperativismo y la ESS.<br\/>\u27a4 Conocimientos y experiencia en el \u00e1mbito de la comunicaci\u00f3n de la Econom\u00eda Social y Solidaria.<br\/>\u27a4 Conocimiento y vinculaci\u00f3n con el periodismo cr\u00edtico y transformador.<br\/>\u27a4 Conocimiento de herramientas libres.<br\/>\u27a4 Disponer de una agenda de contactos de medios de comunicaci\u00f3n y prensa generalistas, en primera instancia, y vinculada a la ESS, en segunda instancia.<\/p>\n\n<p><strong>Ofrecemos:<\/strong><br\/>\u27a4 Jornada de 25 horas semanales (posibilidad de ampliaci\u00f3n a 35 horas en los primeros meses).<br\/>\u27a4 Trabajar en Bloc4BCN (Barcelona), el nuevo centro del cooperativismo de Barcelona.<br\/>\u27a4 Horario flexible.<br\/>\u27a4 Salario bruto anual de 17.600,00 \u20ac (25h).<br\/>\u27a4 Convenio de oficinas y despachos.<\/p>\n\n<p>\u27a4 Periodo de prueba de 6 meses.<br\/>\u27a4 Incorporaci\u00f3n prevista: Septiembre 2024.<br\/>\u27a4 Contrato indefinido.<\/p>\n\n<p><strong>Procedimiento para presentar la candidatura:<\/strong><br\/>Si crees que encajas en el puesto ofrecido, env\u00eda un correo electr\u00f3nico con tu CV explicando brevemente por qu\u00e9 quieres formar parte de Bloc4BCN (max. 900 caracteres), a rrhh@bloc4.coop antes del 26 de agosto de 2024. Las entrevistas se realizar\u00e1n durante la primera quincena de septiembre.<br\/><\/p>\n","protected":false},"excerpt":{"rendered":"<p>La Asociaci\u00f3n Bloc 4 ha abierto un proceso de selecci\u00f3n para la contrataci\u00f3n de una persona t\u00e9cnica de comunicaci\u00f3n. \u00a1Consulta las condiciones a continuaci\u00f3n!<\/p>\n","protected":false},"author":2,"featured_media":4344,"comment_status":"open","ping_status":"open","sticky":false,"template":"","format":"standard","meta":{"_acf_changed":false,"footnotes":""},"categories":[31],"tags":[],"class_list":["post-5278","post","type-post","status-publish","format-standard","has-post-thumbnail","hentry","category-bloc4_es"],"acf":[],"_links":{"self":[{"href":"https:\/\/bloc4.coop\/es\/wp-json\/wp\/v2\/posts\/5278","targetHints":{"allow":["GET"]}}],"collection":[{"href":"https:\/\/bloc4.coop\/es\/wp-json\/wp\/v2\/posts"}],"about":[{"href":"https:\/\/bloc4.coop\/es\/wp-json\/wp\/v2\/types\/post"}],"author":[{"embeddable":true,"href":"https:\/\/bloc4.coop\/es\/wp-json\/wp\/v2\/users\/2"}],"replies":[{"embeddable":true,"href":"https:\/\/bloc4.coop\/es\/wp-json\/wp\/v2\/comments?post=5278"}],"version-history":[{"count":1,"href":"https:\/\/bloc4.coop\/es\/wp-json\/wp\/v2\/posts\/5278\/revisions"}],"predecessor-version":[{"id":5279,"href":"https:\/\/bloc4.coop\/es\/wp-json\/wp\/v2\/posts\/5278\/revisions\/5279"}],"wp:featuredmedia":[{"embeddable":true,"href":"https:\/\/bloc4.coop\/es\/wp-json\/wp\/v2\/media\/4344"}],"wp:attachment":[{"href":"https:\/\/bloc4.coop\/es\/wp-json\/wp\/v2\/media?parent=5278"}],"wp:term":[{"taxonomy":"category","embeddable":true,"href":"https:\/\/bloc4.coop\/es\/wp-json\/wp\/v2\/categories?post=5278"},{"taxonomy":"post_tag","embeddable":true,"href":"https:\/\/bloc4.coop\/es\/wp-json\/wp\/v2\/tags?post=5278"}],"curies":[{"name":"wp","href":"https:\/\/api.w.org\/{rel}","templated":true}]}}