{"id":2733,"date":"2026-02-05T22:55:08","date_gmt":"2026-02-05T22:55:08","guid":{"rendered":"https:\/\/bloc4.coop\/jovess\/?p=2733"},"modified":"2026-02-10T21:30:01","modified_gmt":"2026-02-10T21:30:01","slug":"estas-estudiant","status":"publish","type":"post","link":"https:\/\/bloc4.coop\/jovess\/estas-estudiant\/","title":{"rendered":"Est\u00e0s estudiant i vols fer pr\u00e0ctiques i t&#8217;interessa fer-ho a una cooperativa?"},"content":{"rendered":"\n<p><em>Ets tutor de pr\u00e0ctiques en un centre formatiu, educatiu o universitat i t&#8217;agradaria fomentar les pr\u00e0ctiques de l&#8217;alumnat a cooperatives?<\/em><\/p>\n\n\n\n<p><em>Formes part d&#8217;una cooperativa i t&#8217;agradaria acollir joves en pr\u00e0ctiques i encara no saps com fer-ho?<\/em><\/p>\n\n\n\n<p><em>Aquesta \u00e9s la guia de PractiquESS, perqu\u00e8 les joves viviu les pr\u00e0ctiques a entitats justes socialment i democr\u00e0tiques econ\u00f2micament.&nbsp;<\/em><\/p>\n\n\n\n<p><em>Aqu\u00ed t&#8217;expliquem quines passes seguir.<\/em><\/p>\n\n\n\n<p><em>Al document trobar\u00e0s a quin acompanyament o a quines formacions pots accedir, tant si ets docent, cooperativista o jove estudiant.<\/em><\/p>\n\n\n\n<p><em>Tens un itinerari d&#8217;acompanyament per cada cas!<\/em><\/p>\n\n\n\n<div data-wp-interactive=\"core\/file\" class=\"wp-block-file\"><object data-wp-bind--hidden=\"!state.hasPdfPreview\" hidden class=\"wp-block-file__embed\" data=\"https:\/\/bloc4.coop\/jovess\/wp-content\/uploads\/Jovess_Practiquess_Guia_digital-1.pdf\" type=\"application\/pdf\" style=\"width:100%;height:600px\" aria-label=\"Incrustaci\u00f3 de PDF\"><\/object><\/div>\n\n\n\n<p><\/p>\n","protected":false},"excerpt":{"rendered":"<p>Ets tutor de pr\u00e0ctiques en un centre formatiu, educatiu o universitat i t&#8217;agradaria fomentar les pr\u00e0ctiques de l&#8217;alumnat a cooperatives? Formes part d&#8217;una cooperativa i t&#8217;agradaria acollir joves en pr\u00e0ctiques i encara no saps com fer-ho? Aquesta \u00e9s la guia de PractiquESS, perqu\u00e8 les joves viviu les pr\u00e0ctiques a entitats justes socialment i democr\u00e0tiques econ\u00f2micament.&nbsp; [&hellip;]<\/p>\n","protected":false},"author":1,"featured_media":2743,"comment_status":"open","ping_status":"open","sticky":false,"template":"","format":"standard","meta":{"_acf_changed":false,"footnotes":""},"categories":[40],"tags":[],"class_list":["post-2733","post","type-post","status-publish","format-standard","has-post-thumbnail","hentry","category-practiquess"],"acf":[],"_links":{"self":[{"href":"https:\/\/bloc4.coop\/jovess\/wp-json\/wp\/v2\/posts\/2733","targetHints":{"allow":["GET"]}}],"collection":[{"href":"https:\/\/bloc4.coop\/jovess\/wp-json\/wp\/v2\/posts"}],"about":[{"href":"https:\/\/bloc4.coop\/jovess\/wp-json\/wp\/v2\/types\/post"}],"author":[{"embeddable":true,"href":"https:\/\/bloc4.coop\/jovess\/wp-json\/wp\/v2\/users\/1"}],"replies":[{"embeddable":true,"href":"https:\/\/bloc4.coop\/jovess\/wp-json\/wp\/v2\/comments?post=2733"}],"version-history":[{"count":2,"href":"https:\/\/bloc4.coop\/jovess\/wp-json\/wp\/v2\/posts\/2733\/revisions"}],"predecessor-version":[{"id":2736,"href":"https:\/\/bloc4.coop\/jovess\/wp-json\/wp\/v2\/posts\/2733\/revisions\/2736"}],"wp:featuredmedia":[{"embeddable":true,"href":"https:\/\/bloc4.coop\/jovess\/wp-json\/wp\/v2\/media\/2743"}],"wp:attachment":[{"href":"https:\/\/bloc4.coop\/jovess\/wp-json\/wp\/v2\/media?parent=2733"}],"wp:term":[{"taxonomy":"category","embeddable":true,"href":"https:\/\/bloc4.coop\/jovess\/wp-json\/wp\/v2\/categories?post=2733"},{"taxonomy":"post_tag","embeddable":true,"href":"https:\/\/bloc4.coop\/jovess\/wp-json\/wp\/v2\/tags?post=2733"}],"curies":[{"name":"wp","href":"https:\/\/api.w.org\/{rel}","templated":true}]}}